{"id":4228,"date":"2025-06-17T12:59:24","date_gmt":"2025-06-17T10:59:24","guid":{"rendered":"https:\/\/zgraf.hr\/4196\/"},"modified":"2025-06-17T13:20:22","modified_gmt":"2025-06-17T11:20:22","slug":"4196","status":"publish","type":"post","link":"https:\/\/zgraf.hr\/en\/4196\/","title":{"rendered":"1. week of Zgraf: exhibitions, awards, lectures"},"content":{"rendered":"<p>On Tuesday, June 10th in the <strong>French Pavilion SCZG<\/strong> the 13th edition of<strong> Zgraf<\/strong> titled <em><strong>Pleasure to All<\/strong><\/em> was open.<br \/>\nZgraf is an international manifestation of graphic design and visual communications, which has been happening in Zagreb since <strong>1975<\/strong>, thus celebrating its <strong>50th anniversary<\/strong>. The organizer is the <strong>Croatian Association of Artists of Applied Arts &#8211; ULUPUH<\/strong>.<\/p>\n<figure class=\"wp-block-image size-large cur_poi\"><img loading=\"lazy\" decoding=\"async\" class=\"wp-image-150143\" src=\"https:\/\/vizkultura.hr\/wp-content\/uploads\/2025\/06\/ZGRAF_otvorenje_100625_098-1024x682.jpg\" sizes=\"auto, (max-width: 1024px) 100vw, 1024px\" srcset=\"https:\/\/vizkultura.hr\/wp-content\/uploads\/2025\/06\/ZGRAF_otvorenje_100625_098-1024x682.jpg 1024w, https:\/\/vizkultura.hr\/wp-content\/uploads\/2025\/06\/ZGRAF_otvorenje_100625_098-300x200.jpg 300w, https:\/\/vizkultura.hr\/wp-content\/uploads\/2025\/06\/ZGRAF_otvorenje_100625_098-768x512.jpg 768w, https:\/\/vizkultura.hr\/wp-content\/uploads\/2025\/06\/ZGRAF_otvorenje_100625_098-1536x1024.jpg 1536w, https:\/\/vizkultura.hr\/wp-content\/uploads\/2025\/06\/ZGRAF_otvorenje_100625_098-2048x1365.jpg 2048w, https:\/\/vizkultura.hr\/wp-content\/uploads\/2025\/06\/ZGRAF_otvorenje_100625_098-1120x746.jpg 1120w\" alt=\"\" width=\"1024\" height=\"682\" \/><figcaption class=\"wp-element-caption\"><em>Photo: Anto Magzan<\/em><\/figcaption><\/figure>\n<p>The circular cardboard labyrinth of this year&#8217;s main Zgraf exhibition in the French Pavilion displays<strong> 184 works<\/strong> by international and local designers.<\/p>\n<p>At the opening of the exhibition, the following awards were presented: <strong>Grand Prix, Zgraf I, Zgraf II, Zgraf Excellence, Zgraf Welcome, and 11 Honorable Mentions<\/strong>. The featured works were selected among the entries by the International Jury of Zgraf 13, which consists of prominent names from the world design scene: <strong>Peter Bankov, Melike Tascioglu Vaughan, Don Ryun Chang, Izvorka Juri\u0107, and Lawrence Zeegen<\/strong>. The Jury of the Croatian Section of the International Association of Art Critics AICA, consisting of <strong>Boris Greiner, Fe\u0111a Vuki\u0107, and Bojan Dmitrovi\u0107 Kri\u0161tofi\u0107<\/strong>, awarded one AICA award.<\/p>\n<p>U kru\u017enom\u00a0kartonskom labirintu postava ovogodi\u0161nje glavne izlo\u017ebe Zgrafa u Francuskom paviljonu izlo\u017eeno je\u00a0<strong>184 rada<\/strong>, svjetskih i doma\u0107ih dizajnera i dizajnerica.<\/p>\n<div class=\"wp-block-columns is-layout-flex wp-container-core-columns-is-layout-2 wp-block-columns-is-layout-flex\">\n<div class=\"wp-block-column is-layout-flow wp-block-column-is-layout-flow\">\n<figure class=\"wp-block-image size-large cur_poi\"><img loading=\"lazy\" decoding=\"async\" class=\"wp-image-150142\" src=\"https:\/\/vizkultura.hr\/wp-content\/uploads\/2025\/06\/ZGRAF_otvorenje_100625_075-1024x682.jpg\" sizes=\"auto, (max-width: 1024px) 100vw, 1024px\" srcset=\"https:\/\/vizkultura.hr\/wp-content\/uploads\/2025\/06\/ZGRAF_otvorenje_100625_075-1024x682.jpg 1024w, https:\/\/vizkultura.hr\/wp-content\/uploads\/2025\/06\/ZGRAF_otvorenje_100625_075-300x200.jpg 300w, https:\/\/vizkultura.hr\/wp-content\/uploads\/2025\/06\/ZGRAF_otvorenje_100625_075-768x512.jpg 768w, https:\/\/vizkultura.hr\/wp-content\/uploads\/2025\/06\/ZGRAF_otvorenje_100625_075-1536x1024.jpg 1536w, https:\/\/vizkultura.hr\/wp-content\/uploads\/2025\/06\/ZGRAF_otvorenje_100625_075-2048x1365.jpg 2048w, https:\/\/vizkultura.hr\/wp-content\/uploads\/2025\/06\/ZGRAF_otvorenje_100625_075-1120x746.jpg 1120w\" alt=\"\" width=\"1024\" height=\"682\" \/><figcaption class=\"wp-element-caption\"><em>Foto: Anto Magzan<\/em><\/figcaption><\/figure>\n<\/div>\n<div class=\"wp-block-column is-layout-flow wp-block-column-is-layout-flow\">\n<figure class=\"wp-block-image size-large cur_poi\"><img loading=\"lazy\" decoding=\"async\" class=\"wp-image-150139\" src=\"https:\/\/vizkultura.hr\/wp-content\/uploads\/2025\/06\/ZGRAF_otvorenje_100625_017-1024x683.jpg\" sizes=\"auto, (max-width: 1024px) 100vw, 1024px\" srcset=\"https:\/\/vizkultura.hr\/wp-content\/uploads\/2025\/06\/ZGRAF_otvorenje_100625_017-1024x683.jpg 1024w, https:\/\/vizkultura.hr\/wp-content\/uploads\/2025\/06\/ZGRAF_otvorenje_100625_017-300x200.jpg 300w, https:\/\/vizkultura.hr\/wp-content\/uploads\/2025\/06\/ZGRAF_otvorenje_100625_017-768x512.jpg 768w, https:\/\/vizkultura.hr\/wp-content\/uploads\/2025\/06\/ZGRAF_otvorenje_100625_017-1536x1025.jpg 1536w, https:\/\/vizkultura.hr\/wp-content\/uploads\/2025\/06\/ZGRAF_otvorenje_100625_017-2048x1366.jpg 2048w, https:\/\/vizkultura.hr\/wp-content\/uploads\/2025\/06\/ZGRAF_otvorenje_100625_017-1120x747.jpg 1120w\" alt=\"\" width=\"1024\" height=\"683\" \/><figcaption class=\"wp-element-caption\"><em>Photo: Anto Magzan<\/em><\/figcaption><\/figure>\n<\/div>\n<\/div>\n<p>The Executive committee of Zgraf 13 awarded <strong>five Zgraf 50 honor awards<\/strong> for special contributions to Zgraf, as well as <strong>five Zgraf 50 thanks<\/strong> to the founders of Zgraf.<\/p>\n<p><strong>ZGRAF 13 GRAND PRIX<\/strong>:<\/p>\n<p><strong>Studio AA: Anja Delbello and Alja\u017e Vesel<\/strong><\/p>\n<p>&nbsp;<\/p>\n<figure class=\"wp-block-image size-large cur_poi\"><img loading=\"lazy\" decoding=\"async\" class=\"wp-image-150131\" src=\"https:\/\/vizkultura.hr\/wp-content\/uploads\/2025\/06\/Zgraf-13-grand-prix_AA_Stripburger-dirty-30-1024x683.jpg\" sizes=\"auto, (max-width: 1024px) 100vw, 1024px\" srcset=\"https:\/\/vizkultura.hr\/wp-content\/uploads\/2025\/06\/Zgraf-13-grand-prix_AA_Stripburger-dirty-30-1024x683.jpg 1024w, https:\/\/vizkultura.hr\/wp-content\/uploads\/2025\/06\/Zgraf-13-grand-prix_AA_Stripburger-dirty-30-300x200.jpg 300w, https:\/\/vizkultura.hr\/wp-content\/uploads\/2025\/06\/Zgraf-13-grand-prix_AA_Stripburger-dirty-30-768x513.jpg 768w, https:\/\/vizkultura.hr\/wp-content\/uploads\/2025\/06\/Zgraf-13-grand-prix_AA_Stripburger-dirty-30-1536x1025.jpg 1536w, https:\/\/vizkultura.hr\/wp-content\/uploads\/2025\/06\/Zgraf-13-grand-prix_AA_Stripburger-dirty-30-2048x1367.jpg 2048w, https:\/\/vizkultura.hr\/wp-content\/uploads\/2025\/06\/Zgraf-13-grand-prix_AA_Stripburger-dirty-30-1120x748.jpg 1120w\" alt=\"\" width=\"1024\" height=\"683\" \/><\/figure>\n<p>Title: <strong>Stripburger 30: Dirty Thirty; book<\/strong> \/ Country: Slovenia<strong>\u00a0<\/strong> \/ Category: Publication<\/p>\n<p>&nbsp;<\/p>\n<p><strong>ZGRAF I award<\/strong>:<\/p>\n<p><strong>NJI3: Franka Tretinjak and Dina Milov\u010di\u0107<\/strong><\/p>\n<figure class=\"wp-block-image size-large cur_poi\"><img loading=\"lazy\" decoding=\"async\" class=\"wp-image-150127\" src=\"https:\/\/vizkultura.hr\/wp-content\/uploads\/2025\/06\/Zgraf-1_NJI3_DinaMilovcic_FrankaTretinjak_Ruke-1024x724.jpg\" sizes=\"auto, (max-width: 1024px) 100vw, 1024px\" srcset=\"https:\/\/vizkultura.hr\/wp-content\/uploads\/2025\/06\/Zgraf-1_NJI3_DinaMilovcic_FrankaTretinjak_Ruke-1024x724.jpg 1024w, https:\/\/vizkultura.hr\/wp-content\/uploads\/2025\/06\/Zgraf-1_NJI3_DinaMilovcic_FrankaTretinjak_Ruke-300x212.jpg 300w, https:\/\/vizkultura.hr\/wp-content\/uploads\/2025\/06\/Zgraf-1_NJI3_DinaMilovcic_FrankaTretinjak_Ruke-768x543.jpg 768w, https:\/\/vizkultura.hr\/wp-content\/uploads\/2025\/06\/Zgraf-1_NJI3_DinaMilovcic_FrankaTretinjak_Ruke-1536x1086.jpg 1536w, https:\/\/vizkultura.hr\/wp-content\/uploads\/2025\/06\/Zgraf-1_NJI3_DinaMilovcic_FrankaTretinjak_Ruke-2048x1448.jpg 2048w, https:\/\/vizkultura.hr\/wp-content\/uploads\/2025\/06\/Zgraf-1_NJI3_DinaMilovcic_FrankaTretinjak_Ruke-1120x792.jpg 1120w\" alt=\"\" width=\"1024\" height=\"724\" \/><\/figure>\n<p>Title: <strong>Ruke<\/strong> \/ Country: Croatia<strong>\u00a0<\/strong> \/ Category: Packaging<\/p>\n<p>&nbsp;<\/p>\n<p><strong>ZGRAF II award<\/strong>:<\/p>\n<p><strong>Neville Brody\u00a0<\/strong><\/p>\n<figure class=\"wp-block-image size-full cur_poi\"><img loading=\"lazy\" decoding=\"async\" class=\"wp-image-150129\" src=\"https:\/\/vizkultura.hr\/wp-content\/uploads\/2025\/06\/Zgraf-2_Neville-Brody-_-AG-retrofuture.png\" sizes=\"auto, (max-width: 452px) 100vw, 452px\" srcset=\"https:\/\/vizkultura.hr\/wp-content\/uploads\/2025\/06\/Zgraf-2_Neville-Brody-_-AG-retrofuture.png 452w, https:\/\/vizkultura.hr\/wp-content\/uploads\/2025\/06\/Zgraf-2_Neville-Brody-_-AG-retrofuture-213x300.png 213w\" alt=\"\" width=\"452\" height=\"636\" \/><\/figure>\n<p>Title: <strong>AG Retro Future Posters<\/strong> \/ Country: UK \/ Category: Poster<\/p>\n<p>&nbsp;<\/p>\n<p><strong>ZGRAF II award<\/strong>:<\/p>\n<p><strong>\u00a0Se\u00f1or<\/strong><\/p>\n<figure class=\"wp-block-image size-large cur_poi\"><img loading=\"lazy\" decoding=\"async\" class=\"wp-image-150130\" src=\"https:\/\/vizkultura.hr\/wp-content\/uploads\/2025\/06\/Zgraf-2_Senor_modulee_branding_02-724x1024.jpg\" sizes=\"auto, (max-width: 724px) 100vw, 724px\" srcset=\"https:\/\/vizkultura.hr\/wp-content\/uploads\/2025\/06\/Zgraf-2_Senor_modulee_branding_02-724x1024.jpg 724w, https:\/\/vizkultura.hr\/wp-content\/uploads\/2025\/06\/Zgraf-2_Senor_modulee_branding_02-212x300.jpg 212w, https:\/\/vizkultura.hr\/wp-content\/uploads\/2025\/06\/Zgraf-2_Senor_modulee_branding_02-768x1086.jpg 768w, https:\/\/vizkultura.hr\/wp-content\/uploads\/2025\/06\/Zgraf-2_Senor_modulee_branding_02-1087x1536.jpg 1087w, https:\/\/vizkultura.hr\/wp-content\/uploads\/2025\/06\/Zgraf-2_Senor_modulee_branding_02-1449x2048.jpg 1449w, https:\/\/vizkultura.hr\/wp-content\/uploads\/2025\/06\/Zgraf-2_Senor_modulee_branding_02-1120x1583.jpg 1120w, https:\/\/vizkultura.hr\/wp-content\/uploads\/2025\/06\/Zgraf-2_Senor_modulee_branding_02-scaled.jpg 1811w\" alt=\"\" width=\"724\" height=\"1024\" \/><\/figure>\n<p>Title: <strong>\u00a0Modulee<\/strong> \/ Country: Croatia<strong>\u00a0<\/strong> \/ Category: Visual identity and branding<\/p>\n<p>&nbsp;<\/p>\n<p><strong>ZGRAF II award<\/strong>:<\/p>\n<p><strong>Atelier Andrea Gassner: Andrea Gassner and Christopher Walser<\/strong><\/p>\n<figure class=\"wp-block-image size-large cur_poi\"><img loading=\"lazy\" decoding=\"async\" class=\"wp-image-150128\" src=\"https:\/\/vizkultura.hr\/wp-content\/uploads\/2025\/06\/Zgraf-2_Andrea-Gassner_SIgnage-for-Widnau-Care-Facility-1024x684.jpg\" sizes=\"auto, (max-width: 1024px) 100vw, 1024px\" srcset=\"https:\/\/vizkultura.hr\/wp-content\/uploads\/2025\/06\/Zgraf-2_Andrea-Gassner_SIgnage-for-Widnau-Care-Facility-1024x684.jpg 1024w, https:\/\/vizkultura.hr\/wp-content\/uploads\/2025\/06\/Zgraf-2_Andrea-Gassner_SIgnage-for-Widnau-Care-Facility-300x200.jpg 300w, https:\/\/vizkultura.hr\/wp-content\/uploads\/2025\/06\/Zgraf-2_Andrea-Gassner_SIgnage-for-Widnau-Care-Facility-768x513.jpg 768w, https:\/\/vizkultura.hr\/wp-content\/uploads\/2025\/06\/Zgraf-2_Andrea-Gassner_SIgnage-for-Widnau-Care-Facility-1536x1025.jpg 1536w, https:\/\/vizkultura.hr\/wp-content\/uploads\/2025\/06\/Zgraf-2_Andrea-Gassner_SIgnage-for-Widnau-Care-Facility-1120x748.jpg 1120w, https:\/\/vizkultura.hr\/wp-content\/uploads\/2025\/06\/Zgraf-2_Andrea-Gassner_SIgnage-for-Widnau-Care-Facility.jpg 1600w\" alt=\"\" width=\"1024\" height=\"684\" \/><\/figure>\n<p>Title: <strong>Signage for Widnau Care Facility \u2013 Understanding the way<\/strong> \/ Country: Switzerland \/ Category: Information design<\/p>\n<p>&nbsp;<\/p>\n<p><strong>ZGRAF EXCELLENCE award<\/strong>:<\/p>\n<p><strong>Luba Lukova<\/strong><\/p>\n<figure class=\"wp-block-image size-large cur_poi\"><img loading=\"lazy\" decoding=\"async\" class=\"wp-image-150133\" src=\"https:\/\/vizkultura.hr\/wp-content\/uploads\/2025\/06\/Zgraf-excellence_Luba_Lukova_Decriminalizing_Pimps_and_Johns__-719x1024.jpg\" sizes=\"auto, (max-width: 719px) 100vw, 719px\" srcset=\"https:\/\/vizkultura.hr\/wp-content\/uploads\/2025\/06\/Zgraf-excellence_Luba_Lukova_Decriminalizing_Pimps_and_Johns__-719x1024.jpg 719w, https:\/\/vizkultura.hr\/wp-content\/uploads\/2025\/06\/Zgraf-excellence_Luba_Lukova_Decriminalizing_Pimps_and_Johns__-211x300.jpg 211w, https:\/\/vizkultura.hr\/wp-content\/uploads\/2025\/06\/Zgraf-excellence_Luba_Lukova_Decriminalizing_Pimps_and_Johns__-768x1093.jpg 768w, https:\/\/vizkultura.hr\/wp-content\/uploads\/2025\/06\/Zgraf-excellence_Luba_Lukova_Decriminalizing_Pimps_and_Johns__-1079x1536.jpg 1079w, https:\/\/vizkultura.hr\/wp-content\/uploads\/2025\/06\/Zgraf-excellence_Luba_Lukova_Decriminalizing_Pimps_and_Johns__-1439x2048.jpg 1439w, https:\/\/vizkultura.hr\/wp-content\/uploads\/2025\/06\/Zgraf-excellence_Luba_Lukova_Decriminalizing_Pimps_and_Johns__-1120x1594.jpg 1120w, https:\/\/vizkultura.hr\/wp-content\/uploads\/2025\/06\/Zgraf-excellence_Luba_Lukova_Decriminalizing_Pimps_and_Johns__-scaled.jpg 1798w\" alt=\"\" width=\"719\" height=\"1024\" \/><\/figure>\n<p>Title: <strong>Decriminalizing Pimps and Johns<\/strong> \/ Country: USA \/ Category: Poster<\/p>\n<p>&nbsp;<\/p>\n<p><strong>ZGRAF EXCELLENCE award<\/strong>:<\/p>\n<p><strong>Mirko Ili\u0107<\/strong><\/p>\n<figure class=\"wp-block-image size-large cur_poi\"><img loading=\"lazy\" decoding=\"async\" class=\"wp-image-150134\" src=\"https:\/\/vizkultura.hr\/wp-content\/uploads\/2025\/06\/Zgraf-excellence_Mirko-Ilic_Oedipus-714x1024.jpg\" sizes=\"auto, (max-width: 714px) 100vw, 714px\" srcset=\"https:\/\/vizkultura.hr\/wp-content\/uploads\/2025\/06\/Zgraf-excellence_Mirko-Ilic_Oedipus-714x1024.jpg 714w, https:\/\/vizkultura.hr\/wp-content\/uploads\/2025\/06\/Zgraf-excellence_Mirko-Ilic_Oedipus-209x300.jpg 209w, https:\/\/vizkultura.hr\/wp-content\/uploads\/2025\/06\/Zgraf-excellence_Mirko-Ilic_Oedipus-768x1102.jpg 768w, https:\/\/vizkultura.hr\/wp-content\/uploads\/2025\/06\/Zgraf-excellence_Mirko-Ilic_Oedipus-1071x1536.jpg 1071w, https:\/\/vizkultura.hr\/wp-content\/uploads\/2025\/06\/Zgraf-excellence_Mirko-Ilic_Oedipus-1428x2048.jpg 1428w, https:\/\/vizkultura.hr\/wp-content\/uploads\/2025\/06\/Zgraf-excellence_Mirko-Ilic_Oedipus-1120x1607.jpg 1120w, https:\/\/vizkultura.hr\/wp-content\/uploads\/2025\/06\/Zgraf-excellence_Mirko-Ilic_Oedipus-scaled.jpg 1785w\" alt=\"\" width=\"714\" height=\"1024\" \/><\/figure>\n<p>Title: <strong>Oedipus<\/strong> \/ Country: <strong>USA<\/strong> \/ Category: Poster<\/p>\n<p>&nbsp;<\/p>\n<p><strong>ZGRAF WELCOME award<\/strong>:<\/p>\n<p><strong>Tena Slobodnjak<\/strong><\/p>\n<figure class=\"wp-block-image size-full cur_poi\"><img loading=\"lazy\" decoding=\"async\" class=\"wp-image-150135\" src=\"https:\/\/vizkultura.hr\/wp-content\/uploads\/2025\/06\/Zgraf-welcome_Tena_Slobodnjak_Mozda-je-obrnuto_1.jpg\" sizes=\"auto, (max-width: 842px) 100vw, 842px\" srcset=\"https:\/\/vizkultura.hr\/wp-content\/uploads\/2025\/06\/Zgraf-welcome_Tena_Slobodnjak_Mozda-je-obrnuto_1.jpg 842w, https:\/\/vizkultura.hr\/wp-content\/uploads\/2025\/06\/Zgraf-welcome_Tena_Slobodnjak_Mozda-je-obrnuto_1-300x212.jpg 300w, https:\/\/vizkultura.hr\/wp-content\/uploads\/2025\/06\/Zgraf-welcome_Tena_Slobodnjak_Mozda-je-obrnuto_1-768x543.jpg 768w\" alt=\"\" width=\"842\" height=\"595\" \/><\/figure>\n<p>Title: <strong>Mo\u017eda je obrnuto<\/strong>\/ Country: Croatia<strong>\u00a0<\/strong> \/ Category: Publication<\/p>\n<p>&nbsp;<\/p>\n<p><strong>HONORABLE MENTIONS (THEME)<\/strong>:<\/p>\n<p><strong>Igor Kuduz<\/strong><\/p>\n<figure class=\"wp-block-image size-large cur_poi\"><img loading=\"lazy\" decoding=\"async\" class=\"wp-image-150119\" src=\"https:\/\/vizkultura.hr\/wp-content\/uploads\/2025\/06\/honorable-mention_Igor_Kuduz_m_tata-ja___artist_book_1-1024x724.jpg\" sizes=\"auto, (max-width: 1024px) 100vw, 1024px\" srcset=\"https:\/\/vizkultura.hr\/wp-content\/uploads\/2025\/06\/honorable-mention_Igor_Kuduz_m_tata-ja___artist_book_1-1024x724.jpg 1024w, https:\/\/vizkultura.hr\/wp-content\/uploads\/2025\/06\/honorable-mention_Igor_Kuduz_m_tata-ja___artist_book_1-300x212.jpg 300w, https:\/\/vizkultura.hr\/wp-content\/uploads\/2025\/06\/honorable-mention_Igor_Kuduz_m_tata-ja___artist_book_1-768x543.jpg 768w, https:\/\/vizkultura.hr\/wp-content\/uploads\/2025\/06\/honorable-mention_Igor_Kuduz_m_tata-ja___artist_book_1-1536x1086.jpg 1536w, https:\/\/vizkultura.hr\/wp-content\/uploads\/2025\/06\/honorable-mention_Igor_Kuduz_m_tata-ja___artist_book_1-2048x1447.jpg 2048w, https:\/\/vizkultura.hr\/wp-content\/uploads\/2025\/06\/honorable-mention_Igor_Kuduz_m_tata-ja___artist_book_1-1120x792.jpg 1120w\" alt=\"\" width=\"1024\" height=\"724\" \/><\/figure>\n<p>Title: <strong>m: tata, ja: ?<\/strong> \/ Country: Croatia \/ Category: Publication<\/p>\n<p>&nbsp;<\/p>\n<p><strong>HONORABLE MENTIONS (THEME)<\/strong>:<\/p>\n<p><strong>Niklaus Troxler<\/strong><\/p>\n<figure class=\"wp-block-image size-large cur_poi\"><img loading=\"lazy\" decoding=\"async\" class=\"wp-image-150115\" src=\"https:\/\/vizkultura.hr\/wp-content\/uploads\/2025\/06\/honorable-mention_A_Troxler_Niklaus_Aki-Takase-Japanic-723x1024.jpeg\" sizes=\"auto, (max-width: 723px) 100vw, 723px\" srcset=\"https:\/\/vizkultura.hr\/wp-content\/uploads\/2025\/06\/honorable-mention_A_Troxler_Niklaus_Aki-Takase-Japanic-723x1024.jpeg 723w, https:\/\/vizkultura.hr\/wp-content\/uploads\/2025\/06\/honorable-mention_A_Troxler_Niklaus_Aki-Takase-Japanic-212x300.jpeg 212w, https:\/\/vizkultura.hr\/wp-content\/uploads\/2025\/06\/honorable-mention_A_Troxler_Niklaus_Aki-Takase-Japanic-768x1087.jpeg 768w, https:\/\/vizkultura.hr\/wp-content\/uploads\/2025\/06\/honorable-mention_A_Troxler_Niklaus_Aki-Takase-Japanic.jpeg 904w\" alt=\"\" width=\"723\" height=\"1024\" \/><\/figure>\n<p>Title<strong>: Aki Takase Japanic<\/strong> \/ Country: Switzerland \/ Category: Poster<\/p>\n<p>&nbsp;<\/p>\n<p><strong>HONORABLE MENTIONS (REVIEW)<\/strong>:<\/p>\n<p><strong>Studio Sonda: Jelena Fi\u0161ku\u0161, Sean Poropat<\/strong><\/p>\n<figure class=\"wp-block-image size-large cur_poi\"><img loading=\"lazy\" decoding=\"async\" class=\"wp-image-150124\" src=\"https:\/\/vizkultura.hr\/wp-content\/uploads\/2025\/06\/honorable-mention_Sonda_Piquentum-1024x655.jpg\" sizes=\"auto, (max-width: 1024px) 100vw, 1024px\" srcset=\"https:\/\/vizkultura.hr\/wp-content\/uploads\/2025\/06\/honorable-mention_Sonda_Piquentum-1024x655.jpg 1024w, https:\/\/vizkultura.hr\/wp-content\/uploads\/2025\/06\/honorable-mention_Sonda_Piquentum-300x192.jpg 300w, https:\/\/vizkultura.hr\/wp-content\/uploads\/2025\/06\/honorable-mention_Sonda_Piquentum-768x491.jpg 768w, https:\/\/vizkultura.hr\/wp-content\/uploads\/2025\/06\/honorable-mention_Sonda_Piquentum-1536x983.jpg 1536w, https:\/\/vizkultura.hr\/wp-content\/uploads\/2025\/06\/honorable-mention_Sonda_Piquentum-2048x1311.jpg 2048w, https:\/\/vizkultura.hr\/wp-content\/uploads\/2025\/06\/honorable-mention_Sonda_Piquentum-1120x717.jpg 1120w\" alt=\"\" width=\"1024\" height=\"655\" \/><\/figure>\n<p>Title: <strong>Piquentum \u2013 Art directed by nature<\/strong> \/ Country: Croatia<strong>\u00a0<\/strong> \/ Category: Packaging<\/p>\n<p>&nbsp;<\/p>\n<p><strong>HONORABLE MENTIONS (REVIEW)<\/strong>:<\/p>\n<p><strong>Zoran \u0110uki\u0107<\/strong><\/p>\n<figure class=\"wp-block-image size-large cur_poi\"><img loading=\"lazy\" decoding=\"async\" class=\"wp-image-150125\" src=\"https:\/\/vizkultura.hr\/wp-content\/uploads\/2025\/06\/honorable-mention_Zoran-Dukic_75-dubrovacke-ljetne-igre-1024x748.jpg\" sizes=\"auto, (max-width: 1024px) 100vw, 1024px\" srcset=\"https:\/\/vizkultura.hr\/wp-content\/uploads\/2025\/06\/honorable-mention_Zoran-Dukic_75-dubrovacke-ljetne-igre-1024x748.jpg 1024w, https:\/\/vizkultura.hr\/wp-content\/uploads\/2025\/06\/honorable-mention_Zoran-Dukic_75-dubrovacke-ljetne-igre-300x219.jpg 300w, https:\/\/vizkultura.hr\/wp-content\/uploads\/2025\/06\/honorable-mention_Zoran-Dukic_75-dubrovacke-ljetne-igre-768x561.jpg 768w, https:\/\/vizkultura.hr\/wp-content\/uploads\/2025\/06\/honorable-mention_Zoran-Dukic_75-dubrovacke-ljetne-igre-1536x1122.jpg 1536w, https:\/\/vizkultura.hr\/wp-content\/uploads\/2025\/06\/honorable-mention_Zoran-Dukic_75-dubrovacke-ljetne-igre-2048x1497.jpg 2048w, https:\/\/vizkultura.hr\/wp-content\/uploads\/2025\/06\/honorable-mention_Zoran-Dukic_75-dubrovacke-ljetne-igre-1120x818.jpg 1120w\" alt=\"\" width=\"1024\" height=\"748\" \/><\/figure>\n<p>Title: <strong>75. Dubrova\u010dke ljetne igre<\/strong> \/ Country: Croatia \/ Category: Visual identity and branding<strong>\u00a0<\/strong><\/p>\n<p>&nbsp;<\/p>\n<p><strong>HONORABLE MENTIONS (REVIEW)<\/strong>:<\/p>\n<p><strong>Neue Gestaltung GmbH<\/strong><\/p>\n<figure class=\"wp-block-image size-large cur_poi\"><img loading=\"lazy\" decoding=\"async\" class=\"wp-image-150123\" src=\"https:\/\/vizkultura.hr\/wp-content\/uploads\/2025\/06\/honorable-mention_Neue_gestaltung_Theater-Magdeburg-visual-identity-1024x724.jpg\" sizes=\"auto, (max-width: 1024px) 100vw, 1024px\" srcset=\"https:\/\/vizkultura.hr\/wp-content\/uploads\/2025\/06\/honorable-mention_Neue_gestaltung_Theater-Magdeburg-visual-identity-1024x724.jpg 1024w, https:\/\/vizkultura.hr\/wp-content\/uploads\/2025\/06\/honorable-mention_Neue_gestaltung_Theater-Magdeburg-visual-identity-300x212.jpg 300w, https:\/\/vizkultura.hr\/wp-content\/uploads\/2025\/06\/honorable-mention_Neue_gestaltung_Theater-Magdeburg-visual-identity-768x543.jpg 768w, https:\/\/vizkultura.hr\/wp-content\/uploads\/2025\/06\/honorable-mention_Neue_gestaltung_Theater-Magdeburg-visual-identity-1536x1086.jpg 1536w, https:\/\/vizkultura.hr\/wp-content\/uploads\/2025\/06\/honorable-mention_Neue_gestaltung_Theater-Magdeburg-visual-identity-2048x1448.jpg 2048w, https:\/\/vizkultura.hr\/wp-content\/uploads\/2025\/06\/honorable-mention_Neue_gestaltung_Theater-Magdeburg-visual-identity-1120x792.jpg 1120w\" alt=\"\" width=\"1024\" height=\"724\" \/><\/figure>\n<p>Title: <strong>Visual Identity Theater Magdeburg<\/strong> \/ Country: Germany \/ Category: Visual identity and branding<\/p>\n<p>&nbsp;<\/p>\n<p><strong>HONORABLE MENTIONS (REVIEW)<\/strong>:<\/p>\n<p><strong>Neue Gestaltung GmbH<\/strong><\/p>\n<figure class=\"wp-block-image size-large cur_poi\"><img loading=\"lazy\" decoding=\"async\" class=\"wp-image-150122\" src=\"https:\/\/vizkultura.hr\/wp-content\/uploads\/2025\/06\/honorable-mention_Neue_gestaltung_Stiftung-buchkunst-768x1024.jpeg\" sizes=\"auto, (max-width: 768px) 100vw, 768px\" srcset=\"https:\/\/vizkultura.hr\/wp-content\/uploads\/2025\/06\/honorable-mention_Neue_gestaltung_Stiftung-buchkunst-768x1024.jpeg 768w, https:\/\/vizkultura.hr\/wp-content\/uploads\/2025\/06\/honorable-mention_Neue_gestaltung_Stiftung-buchkunst-225x300.jpeg 225w, https:\/\/vizkultura.hr\/wp-content\/uploads\/2025\/06\/honorable-mention_Neue_gestaltung_Stiftung-buchkunst-1152x1536.jpeg 1152w, https:\/\/vizkultura.hr\/wp-content\/uploads\/2025\/06\/honorable-mention_Neue_gestaltung_Stiftung-buchkunst-1536x2048.jpeg 1536w, https:\/\/vizkultura.hr\/wp-content\/uploads\/2025\/06\/honorable-mention_Neue_gestaltung_Stiftung-buchkunst-1120x1493.jpeg 1120w, https:\/\/vizkultura.hr\/wp-content\/uploads\/2025\/06\/honorable-mention_Neue_gestaltung_Stiftung-buchkunst-scaled.jpeg 1920w\" alt=\"\" width=\"768\" height=\"1024\" \/><\/figure>\n<p>Title: <strong>Stiftung Buchkunst \u2013 Die schoensten Deutschen Buecher 2024<\/strong> \/ Coungry: Germany \/ Category: Publication<\/p>\n<p>&nbsp;<\/p>\n<p><strong>HONORABLE MENTIONS (REVIEW)<\/strong>:<\/p>\n<p><strong>Neue Gestaltung GmbH<\/strong><\/p>\n<figure class=\"wp-block-image size-large cur_poi\"><img loading=\"lazy\" decoding=\"async\" class=\"wp-image-150121\" src=\"https:\/\/vizkultura.hr\/wp-content\/uploads\/2025\/06\/honorable-mention_Neue_gestaltung_Die-Vertauschtenkoepfe-1024x724.jpg\" sizes=\"auto, (max-width: 1024px) 100vw, 1024px\" srcset=\"https:\/\/vizkultura.hr\/wp-content\/uploads\/2025\/06\/honorable-mention_Neue_gestaltung_Die-Vertauschtenkoepfe-1024x724.jpg 1024w, https:\/\/vizkultura.hr\/wp-content\/uploads\/2025\/06\/honorable-mention_Neue_gestaltung_Die-Vertauschtenkoepfe-300x212.jpg 300w, https:\/\/vizkultura.hr\/wp-content\/uploads\/2025\/06\/honorable-mention_Neue_gestaltung_Die-Vertauschtenkoepfe-768x543.jpg 768w, https:\/\/vizkultura.hr\/wp-content\/uploads\/2025\/06\/honorable-mention_Neue_gestaltung_Die-Vertauschtenkoepfe-1536x1086.jpg 1536w, https:\/\/vizkultura.hr\/wp-content\/uploads\/2025\/06\/honorable-mention_Neue_gestaltung_Die-Vertauschtenkoepfe-2048x1448.jpg 2048w, https:\/\/vizkultura.hr\/wp-content\/uploads\/2025\/06\/honorable-mention_Neue_gestaltung_Die-Vertauschtenkoepfe-1120x792.jpg 1120w\" alt=\"\" width=\"1024\" height=\"724\" \/><\/figure>\n<p>Title: <strong>Catalogue Vertauschte Koepfe by Andreas and Konrad Muehe<\/strong> \/ Country: Germany<strong>\u00a0<\/strong> \/ Category: Publication<\/p>\n<p>&nbsp;<\/p>\n<p><strong>HONORABLE MENTIONS (REVIEW)<\/strong>:<\/p>\n<p><strong>Lana Grahek<\/strong><\/p>\n<figure class=\"wp-block-image size-large cur_poi\"><img loading=\"lazy\" decoding=\"async\" class=\"wp-image-150120\" src=\"https:\/\/vizkultura.hr\/wp-content\/uploads\/2025\/06\/honorable-mention_lana_grahek_jagoda_2-1024x579.jpg\" sizes=\"auto, (max-width: 1024px) 100vw, 1024px\" srcset=\"https:\/\/vizkultura.hr\/wp-content\/uploads\/2025\/06\/honorable-mention_lana_grahek_jagoda_2-1024x579.jpg 1024w, https:\/\/vizkultura.hr\/wp-content\/uploads\/2025\/06\/honorable-mention_lana_grahek_jagoda_2-300x170.jpg 300w, https:\/\/vizkultura.hr\/wp-content\/uploads\/2025\/06\/honorable-mention_lana_grahek_jagoda_2-768x434.jpg 768w, https:\/\/vizkultura.hr\/wp-content\/uploads\/2025\/06\/honorable-mention_lana_grahek_jagoda_2-1536x869.jpg 1536w, https:\/\/vizkultura.hr\/wp-content\/uploads\/2025\/06\/honorable-mention_lana_grahek_jagoda_2-2048x1159.jpg 2048w, https:\/\/vizkultura.hr\/wp-content\/uploads\/2025\/06\/honorable-mention_lana_grahek_jagoda_2-1120x634.jpg 1120w\" alt=\"\" width=\"1024\" height=\"579\" \/><\/figure>\n<p>Title: <strong>Jagoda<\/strong> \/ Country: Croatia \/ Category: Digital media design<\/p>\n<p>&nbsp;<\/p>\n<p><strong>HONORABLE MENTIONS (REVIEW)<\/strong>:<\/p>\n<p><strong>Danijel Srdarev<\/strong><\/p>\n<figure class=\"wp-block-image size-large cur_poi\"><img loading=\"lazy\" decoding=\"async\" class=\"wp-image-150117\" src=\"https:\/\/vizkultura.hr\/wp-content\/uploads\/2025\/06\/honorable-mention_Danijel_Srdarev_ilustracije_Arhitekturazadjecu_Richter1-1024x725.jpg\" sizes=\"auto, (max-width: 1024px) 100vw, 1024px\" srcset=\"https:\/\/vizkultura.hr\/wp-content\/uploads\/2025\/06\/honorable-mention_Danijel_Srdarev_ilustracije_Arhitekturazadjecu_Richter1-1024x725.jpg 1024w, https:\/\/vizkultura.hr\/wp-content\/uploads\/2025\/06\/honorable-mention_Danijel_Srdarev_ilustracije_Arhitekturazadjecu_Richter1-300x212.jpg 300w, https:\/\/vizkultura.hr\/wp-content\/uploads\/2025\/06\/honorable-mention_Danijel_Srdarev_ilustracije_Arhitekturazadjecu_Richter1-768x544.jpg 768w, https:\/\/vizkultura.hr\/wp-content\/uploads\/2025\/06\/honorable-mention_Danijel_Srdarev_ilustracije_Arhitekturazadjecu_Richter1-1536x1088.jpg 1536w, https:\/\/vizkultura.hr\/wp-content\/uploads\/2025\/06\/honorable-mention_Danijel_Srdarev_ilustracije_Arhitekturazadjecu_Richter1-2048x1450.jpg 2048w, https:\/\/vizkultura.hr\/wp-content\/uploads\/2025\/06\/honorable-mention_Danijel_Srdarev_ilustracije_Arhitekturazadjecu_Richter1-1120x793.jpg 1120w\" alt=\"\" width=\"1024\" height=\"725\" \/><\/figure>\n<p>Title: <strong>Arhitektura za djecu<\/strong> \/ Country: Croatia<strong>\u00a0<\/strong> \/ Category: Illustration<\/p>\n<p>&nbsp;<\/p>\n<p><strong>HONORABLE MENTIONS (REVIEW)<\/strong>:<\/p>\n<p><strong>Studio AA: Anja Delbello &amp; Alja\u017e Vesel<\/strong><\/p>\n<figure class=\"wp-block-image size-large cur_poi\"><img loading=\"lazy\" decoding=\"async\" class=\"wp-image-150116\" src=\"https:\/\/vizkultura.hr\/wp-content\/uploads\/2025\/06\/honorable-mention_AA_The-Common-In-Community_exhibition_-1024x684.jpg\" sizes=\"auto, (max-width: 1024px) 100vw, 1024px\" srcset=\"https:\/\/vizkultura.hr\/wp-content\/uploads\/2025\/06\/honorable-mention_AA_The-Common-In-Community_exhibition_-1024x684.jpg 1024w, https:\/\/vizkultura.hr\/wp-content\/uploads\/2025\/06\/honorable-mention_AA_The-Common-In-Community_exhibition_-300x200.jpg 300w, https:\/\/vizkultura.hr\/wp-content\/uploads\/2025\/06\/honorable-mention_AA_The-Common-In-Community_exhibition_-768x513.jpg 768w, https:\/\/vizkultura.hr\/wp-content\/uploads\/2025\/06\/honorable-mention_AA_The-Common-In-Community_exhibition_-1536x1025.jpg 1536w, https:\/\/vizkultura.hr\/wp-content\/uploads\/2025\/06\/honorable-mention_AA_The-Common-In-Community_exhibition_-2048x1367.jpg 2048w, https:\/\/vizkultura.hr\/wp-content\/uploads\/2025\/06\/honorable-mention_AA_The-Common-In-Community_exhibition_-1120x748.jpg 1120w\" alt=\"\" width=\"1024\" height=\"684\" \/><\/figure>\n<p>Title:\u00a0 <strong>The Common in Community; exhibition and spatial infographic<\/strong> \/ Country: Slovenia \/ Category: Information design<\/p>\n<p>&nbsp;<\/p>\n<p><strong>HONORABLE MENTIONS (REVIEW)<\/strong>:<\/p>\n<p><strong>Jonathan Barnbrook &amp; An\u0131l Aykan<\/strong><\/p>\n<figure class=\"wp-block-image size-large cur_poi\"><img loading=\"lazy\" decoding=\"async\" class=\"wp-image-150118\" src=\"https:\/\/vizkultura.hr\/wp-content\/uploads\/2025\/06\/honorable-mention_Horror-Show-Poster-20-x-30-682x1024.jpg\" sizes=\"auto, (max-width: 682px) 100vw, 682px\" srcset=\"https:\/\/vizkultura.hr\/wp-content\/uploads\/2025\/06\/honorable-mention_Horror-Show-Poster-20-x-30-682x1024.jpg 682w, https:\/\/vizkultura.hr\/wp-content\/uploads\/2025\/06\/honorable-mention_Horror-Show-Poster-20-x-30-200x300.jpg 200w, https:\/\/vizkultura.hr\/wp-content\/uploads\/2025\/06\/honorable-mention_Horror-Show-Poster-20-x-30-768x1152.jpg 768w, https:\/\/vizkultura.hr\/wp-content\/uploads\/2025\/06\/honorable-mention_Horror-Show-Poster-20-x-30-1024x1536.jpg 1024w, https:\/\/vizkultura.hr\/wp-content\/uploads\/2025\/06\/honorable-mention_Horror-Show-Poster-20-x-30-1365x2048.jpg 1365w, https:\/\/vizkultura.hr\/wp-content\/uploads\/2025\/06\/honorable-mention_Horror-Show-Poster-20-x-30-1120x1681.jpg 1120w, https:\/\/vizkultura.hr\/wp-content\/uploads\/2025\/06\/honorable-mention_Horror-Show-Poster-20-x-30-scaled.jpg 1706w\" alt=\"\" width=\"682\" height=\"1024\" \/><\/figure>\n<p>Title: <strong>The Horror Show<\/strong> \/ Country: UK \/ Category: Poster<\/p>\n<p>&nbsp;<\/p>\n<p><strong>AWARD OF THE CROATIAN SECTION OF THE INTERNATIONAL ASSOCIATION OF ART CRITICES AICA<\/strong><\/p>\n<p><strong>Studio Kruh: Gregor Makovec, Ga\u0161per Ur\u0161i\u010d, An\u017ee Jesenovec<\/strong><\/p>\n<figure class=\"wp-block-image size-large cur_poi\"><img loading=\"lazy\" decoding=\"async\" class=\"wp-image-150126\" src=\"https:\/\/vizkultura.hr\/wp-content\/uploads\/2025\/06\/Studio_Kruh_22_Docu_Film_Fest_03-1024x683.jpg\" sizes=\"auto, (max-width: 1024px) 100vw, 1024px\" srcset=\"https:\/\/vizkultura.hr\/wp-content\/uploads\/2025\/06\/Studio_Kruh_22_Docu_Film_Fest_03-1024x683.jpg 1024w, https:\/\/vizkultura.hr\/wp-content\/uploads\/2025\/06\/Studio_Kruh_22_Docu_Film_Fest_03-300x200.jpg 300w, https:\/\/vizkultura.hr\/wp-content\/uploads\/2025\/06\/Studio_Kruh_22_Docu_Film_Fest_03-768x512.jpg 768w, https:\/\/vizkultura.hr\/wp-content\/uploads\/2025\/06\/Studio_Kruh_22_Docu_Film_Fest_03-1536x1024.jpg 1536w, https:\/\/vizkultura.hr\/wp-content\/uploads\/2025\/06\/Studio_Kruh_22_Docu_Film_Fest_03-2048x1366.jpg 2048w, https:\/\/vizkultura.hr\/wp-content\/uploads\/2025\/06\/Studio_Kruh_22_Docu_Film_Fest_03-1120x747.jpg 1120w\" alt=\"\" width=\"1024\" height=\"683\" \/><\/figure>\n<p>Title:<strong> 22. Docu Film Fest<\/strong> \/ Country: Slovenia \/ Category: Poster<\/p>\n<p>&nbsp;<\/p>\n<p><strong>ZGRAF 50<\/strong>:\u00a0<strong>Zvonko Makovi\u0107, Vladimir Stra\u017ea , Toni Politeo , Goranka Dragni\u0107, Slavko Henigsman<\/strong><\/p>\n<p>&nbsp;<\/p>\n<p><strong>ZGRAF 50 HONOR<\/strong>:\u00a0<strong>Ivan Picelj, Alfred Pal, Eduard \u010cehovin, Mirko Ili\u0107, Boris Ljubi\u010di\u0107<\/strong><\/p>\n<p>&nbsp;<\/p>\n<p><strong>SIDE PROGRAM<\/strong><\/p>\n<p>In addition to the main exhibition, which remains open to visitors until June 24th (11am \u2013 7pm), Zgraf&#8217;s rich side program is still ongoing.<\/p>\n<p><strong>SINDISO NYONI: FEARLESS BY DESIGN<\/strong><\/p>\n<p>On Thursday, June 12th at 6pm, a lecture was held by South African designer of Zimbabwean roots <strong>Sindiso Nyoni<\/strong> aka Riot, who shared with the audience the challenges that shaped his design voice.<\/p>\n<figure id=\"attachment_4219\" aria-describedby=\"caption-attachment-4219\" style=\"width: 800px\" class=\"wp-caption aligncenter\"><img loading=\"lazy\" decoding=\"async\" class=\"size-large wp-image-4219\" src=\"https:\/\/zgraf.hr\/wp-content\/uploads\/2025\/06\/Sindiso-Nyoni_120625_015-1-1024x683.jpg\" alt=\"\" width=\"800\" height=\"534\" srcset=\"https:\/\/zgraf.hr\/wp-content\/uploads\/2025\/06\/Sindiso-Nyoni_120625_015-1-1024x683.jpg 1024w, https:\/\/zgraf.hr\/wp-content\/uploads\/2025\/06\/Sindiso-Nyoni_120625_015-1-300x200.jpg 300w, https:\/\/zgraf.hr\/wp-content\/uploads\/2025\/06\/Sindiso-Nyoni_120625_015-1-768x512.jpg 768w, https:\/\/zgraf.hr\/wp-content\/uploads\/2025\/06\/Sindiso-Nyoni_120625_015-1-1536x1024.jpg 1536w, https:\/\/zgraf.hr\/wp-content\/uploads\/2025\/06\/Sindiso-Nyoni_120625_015-1-2048x1366.jpg 2048w, https:\/\/zgraf.hr\/wp-content\/uploads\/2025\/06\/Sindiso-Nyoni_120625_015-1-600x400.jpg 600w\" sizes=\"auto, (max-width: 800px) 100vw, 800px\" \/><figcaption id=\"caption-attachment-4219\" class=\"wp-caption-text\"><br \/>Poto: Anto Magzan<\/figcaption><\/figure>\n<figure id=\"attachment_4221\" aria-describedby=\"caption-attachment-4221\" style=\"width: 800px\" class=\"wp-caption aligncenter\"><img loading=\"lazy\" decoding=\"async\" class=\"size-large wp-image-4221\" src=\"https:\/\/zgraf.hr\/wp-content\/uploads\/2025\/06\/Sindiso-Nyoni_120625_022-1024x683.jpg\" alt=\"\" width=\"800\" height=\"534\" srcset=\"https:\/\/zgraf.hr\/wp-content\/uploads\/2025\/06\/Sindiso-Nyoni_120625_022-1024x683.jpg 1024w, https:\/\/zgraf.hr\/wp-content\/uploads\/2025\/06\/Sindiso-Nyoni_120625_022-300x200.jpg 300w, https:\/\/zgraf.hr\/wp-content\/uploads\/2025\/06\/Sindiso-Nyoni_120625_022-768x512.jpg 768w, https:\/\/zgraf.hr\/wp-content\/uploads\/2025\/06\/Sindiso-Nyoni_120625_022-1536x1025.jpg 1536w, https:\/\/zgraf.hr\/wp-content\/uploads\/2025\/06\/Sindiso-Nyoni_120625_022-2048x1366.jpg 2048w, https:\/\/zgraf.hr\/wp-content\/uploads\/2025\/06\/Sindiso-Nyoni_120625_022-600x400.jpg 600w\" sizes=\"auto, (max-width: 800px) 100vw, 800px\" \/><figcaption id=\"caption-attachment-4221\" class=\"wp-caption-text\"><br \/>Photo: Anto Magzan<\/figcaption><\/figure>\n<p>&nbsp;<\/p>\n<p><strong>ZGRAF 12 GRAND PRIX: BALKAN ITERUM<\/strong><\/p>\n<p>The main prize of <strong>Zgraf<\/strong>, the <strong>Grand Prix at Zgraf 12<\/strong>, was awarded to the Croatian designer duo <strong>Marija Juza and Nikola \u0110urek<\/strong>, for their work <strong>Balkan type system<\/strong>. On this occasion, on Friday, 13.6. at 8 p.m. in the gallery of the Serbian Cultural Center in Zagreb, their <strong>Balkan Iterum<\/strong> exhibition opened. The exhibition remains open until June 24.<\/p>\n<p>&nbsp;<\/p>\n<img loading=\"lazy\" decoding=\"async\" class=\"size-large wp-image-4199\" src=\"https:\/\/zgraf.hr\/wp-content\/uploads\/2025\/06\/MarijaNikola_130625_005-1024x683.jpg\" alt=\"\" width=\"800\" height=\"534\" srcset=\"https:\/\/zgraf.hr\/wp-content\/uploads\/2025\/06\/MarijaNikola_130625_005-1024x683.jpg 1024w, https:\/\/zgraf.hr\/wp-content\/uploads\/2025\/06\/MarijaNikola_130625_005-300x200.jpg 300w, https:\/\/zgraf.hr\/wp-content\/uploads\/2025\/06\/MarijaNikola_130625_005-768x512.jpg 768w, https:\/\/zgraf.hr\/wp-content\/uploads\/2025\/06\/MarijaNikola_130625_005-1536x1024.jpg 1536w, https:\/\/zgraf.hr\/wp-content\/uploads\/2025\/06\/MarijaNikola_130625_005-2048x1366.jpg 2048w, https:\/\/zgraf.hr\/wp-content\/uploads\/2025\/06\/MarijaNikola_130625_005-600x400.jpg 600w\" sizes=\"auto, (max-width: 800px) 100vw, 800px\" \/>\n<figure class=\"wp-block-image size-large cur_poi\"><\/figure>\n<img loading=\"lazy\" decoding=\"async\" class=\"size-large wp-image-4203\" src=\"https:\/\/zgraf.hr\/wp-content\/uploads\/2025\/06\/MarijaNikola_130625_013-1024x683.jpg\" alt=\"\" width=\"800\" height=\"534\" srcset=\"https:\/\/zgraf.hr\/wp-content\/uploads\/2025\/06\/MarijaNikola_130625_013-1024x683.jpg 1024w, https:\/\/zgraf.hr\/wp-content\/uploads\/2025\/06\/MarijaNikola_130625_013-300x200.jpg 300w, https:\/\/zgraf.hr\/wp-content\/uploads\/2025\/06\/MarijaNikola_130625_013-768x512.jpg 768w, https:\/\/zgraf.hr\/wp-content\/uploads\/2025\/06\/MarijaNikola_130625_013-1536x1024.jpg 1536w, https:\/\/zgraf.hr\/wp-content\/uploads\/2025\/06\/MarijaNikola_130625_013-2048x1366.jpg 2048w, https:\/\/zgraf.hr\/wp-content\/uploads\/2025\/06\/MarijaNikola_130625_013-600x400.jpg 600w\" sizes=\"auto, (max-width: 800px) 100vw, 800px\" \/>\n<img loading=\"lazy\" decoding=\"async\" class=\"size-large wp-image-4205\" src=\"https:\/\/zgraf.hr\/wp-content\/uploads\/2025\/06\/MarijaNikola_130625_015-1024x683.jpg\" alt=\"\" width=\"800\" height=\"534\" srcset=\"https:\/\/zgraf.hr\/wp-content\/uploads\/2025\/06\/MarijaNikola_130625_015-1024x683.jpg 1024w, https:\/\/zgraf.hr\/wp-content\/uploads\/2025\/06\/MarijaNikola_130625_015-300x200.jpg 300w, https:\/\/zgraf.hr\/wp-content\/uploads\/2025\/06\/MarijaNikola_130625_015-768x512.jpg 768w, https:\/\/zgraf.hr\/wp-content\/uploads\/2025\/06\/MarijaNikola_130625_015-1536x1024.jpg 1536w, https:\/\/zgraf.hr\/wp-content\/uploads\/2025\/06\/MarijaNikola_130625_015-2048x1366.jpg 2048w, https:\/\/zgraf.hr\/wp-content\/uploads\/2025\/06\/MarijaNikola_130625_015-600x400.jpg 600w\" sizes=\"auto, (max-width: 800px) 100vw, 800px\" \/>\n<p>Poto: Anto Magzan<\/p>\n<p>&nbsp;<\/p>\n<p><strong>ZGRAF WORDS<\/strong><\/p>\n<div class=\"QcsUad BDJ8fb BLojaf sMVRZe hCXDsb wneUed\">\n<div class=\"usGWQd\">\n<div class=\"KkbLmb\">\n<div class=\"lRu31\" dir=\"ltr\"><span class=\"HwtZe\" lang=\"en\"><span class=\"jCAhz ChMk0b\"><span class=\"ryNqvb\">On Monday, June 11th, from 11:00 to 1:30 PM, inspiring lectures and panels by the International Jury of Zgraf 13 were held at Algebra Bernays University, attended by students and the interested public.<\/span><\/span><\/span><\/div>\n<\/div>\n<\/div>\n<\/div>\n<figure class=\"wp-block-image size-large cur_poi\"><img loading=\"lazy\" decoding=\"async\" class=\"wp-image-150136\" src=\"https:\/\/vizkultura.hr\/wp-content\/uploads\/2025\/06\/ZGRAF_Algebra_110625_036-1024x682.jpg\" sizes=\"auto, (max-width: 1024px) 100vw, 1024px\" srcset=\"https:\/\/vizkultura.hr\/wp-content\/uploads\/2025\/06\/ZGRAF_Algebra_110625_036-1024x682.jpg 1024w, https:\/\/vizkultura.hr\/wp-content\/uploads\/2025\/06\/ZGRAF_Algebra_110625_036-300x200.jpg 300w, https:\/\/vizkultura.hr\/wp-content\/uploads\/2025\/06\/ZGRAF_Algebra_110625_036-768x512.jpg 768w, https:\/\/vizkultura.hr\/wp-content\/uploads\/2025\/06\/ZGRAF_Algebra_110625_036-1536x1024.jpg 1536w, https:\/\/vizkultura.hr\/wp-content\/uploads\/2025\/06\/ZGRAF_Algebra_110625_036-2048x1365.jpg 2048w, https:\/\/vizkultura.hr\/wp-content\/uploads\/2025\/06\/ZGRAF_Algebra_110625_036-1120x746.jpg 1120w\" alt=\"\" width=\"1024\" height=\"682\" \/><figcaption class=\"wp-element-caption\"><em>Foto: Anto Magzan<\/em><\/figcaption><\/figure>\n<p>&nbsp;<\/p>\n<p><strong>48 POSTERS FROM 2050: PETER BANKOV<\/strong><\/p>\n<p>Until June 24th you can visit poster master Peter Bankov&#8217;s exhibition <strong><em>48 posters from 2050<\/em><\/strong>, located in the Galerija na katu of the KIC Cultural Information Center.<\/p>\n<figure class=\"wp-block-image size-large cur_poi\"><img loading=\"lazy\" decoding=\"async\" class=\"wp-image-150145\" src=\"https:\/\/vizkultura.hr\/wp-content\/uploads\/2025\/06\/ZGRAF_Peter-Bankov_110625_017-1024x683.jpg\" sizes=\"auto, (max-width: 1024px) 100vw, 1024px\" srcset=\"https:\/\/vizkultura.hr\/wp-content\/uploads\/2025\/06\/ZGRAF_Peter-Bankov_110625_017-1024x683.jpg 1024w, https:\/\/vizkultura.hr\/wp-content\/uploads\/2025\/06\/ZGRAF_Peter-Bankov_110625_017-300x200.jpg 300w, https:\/\/vizkultura.hr\/wp-content\/uploads\/2025\/06\/ZGRAF_Peter-Bankov_110625_017-768x512.jpg 768w, https:\/\/vizkultura.hr\/wp-content\/uploads\/2025\/06\/ZGRAF_Peter-Bankov_110625_017-1536x1025.jpg 1536w, https:\/\/vizkultura.hr\/wp-content\/uploads\/2025\/06\/ZGRAF_Peter-Bankov_110625_017-2048x1366.jpg 2048w, https:\/\/vizkultura.hr\/wp-content\/uploads\/2025\/06\/ZGRAF_Peter-Bankov_110625_017-1120x747.jpg 1120w\" alt=\"\" width=\"1024\" height=\"683\" \/><figcaption class=\"wp-element-caption\"><em>Photo: Anto Magzan<\/em><\/figcaption><\/figure>\n<div class=\"wp-block-columns is-layout-flex wp-container-core-columns-is-layout-3 wp-block-columns-is-layout-flex\">\n<div class=\"wp-block-column is-layout-flow wp-block-column-is-layout-flow\">\n<figure class=\"wp-block-image size-large cur_poi\"><img loading=\"lazy\" decoding=\"async\" class=\"wp-image-150146\" src=\"https:\/\/vizkultura.hr\/wp-content\/uploads\/2025\/06\/ZGRAF_Peter-Bankov_110625_025-1024x682.jpg\" sizes=\"auto, (max-width: 1024px) 100vw, 1024px\" srcset=\"https:\/\/vizkultura.hr\/wp-content\/uploads\/2025\/06\/ZGRAF_Peter-Bankov_110625_025-1024x682.jpg 1024w, https:\/\/vizkultura.hr\/wp-content\/uploads\/2025\/06\/ZGRAF_Peter-Bankov_110625_025-300x200.jpg 300w, https:\/\/vizkultura.hr\/wp-content\/uploads\/2025\/06\/ZGRAF_Peter-Bankov_110625_025-768x512.jpg 768w, https:\/\/vizkultura.hr\/wp-content\/uploads\/2025\/06\/ZGRAF_Peter-Bankov_110625_025-1536x1024.jpg 1536w, https:\/\/vizkultura.hr\/wp-content\/uploads\/2025\/06\/ZGRAF_Peter-Bankov_110625_025-2048x1365.jpg 2048w, https:\/\/vizkultura.hr\/wp-content\/uploads\/2025\/06\/ZGRAF_Peter-Bankov_110625_025-1120x746.jpg 1120w\" alt=\"\" width=\"1024\" height=\"682\" \/><figcaption class=\"wp-element-caption\"><em>Photo: Anto Magzan<\/em><\/figcaption><\/figure>\n<\/div>\n<div class=\"wp-block-column is-layout-flow wp-block-column-is-layout-flow\">\n<figure class=\"wp-block-image size-large cur_poi\"><img loading=\"lazy\" decoding=\"async\" class=\"wp-image-150144\" src=\"https:\/\/vizkultura.hr\/wp-content\/uploads\/2025\/06\/ZGRAF_Peter-Bankov_110625_011-1024x682.jpg\" sizes=\"auto, (max-width: 1024px) 100vw, 1024px\" srcset=\"https:\/\/vizkultura.hr\/wp-content\/uploads\/2025\/06\/ZGRAF_Peter-Bankov_110625_011-1024x682.jpg 1024w, https:\/\/vizkultura.hr\/wp-content\/uploads\/2025\/06\/ZGRAF_Peter-Bankov_110625_011-300x200.jpg 300w, https:\/\/vizkultura.hr\/wp-content\/uploads\/2025\/06\/ZGRAF_Peter-Bankov_110625_011-768x512.jpg 768w, https:\/\/vizkultura.hr\/wp-content\/uploads\/2025\/06\/ZGRAF_Peter-Bankov_110625_011-1536x1024.jpg 1536w, https:\/\/vizkultura.hr\/wp-content\/uploads\/2025\/06\/ZGRAF_Peter-Bankov_110625_011-2048x1365.jpg 2048w, https:\/\/vizkultura.hr\/wp-content\/uploads\/2025\/06\/ZGRAF_Peter-Bankov_110625_011-1120x746.jpg 1120w\" alt=\"\" width=\"1024\" height=\"682\" \/><figcaption class=\"wp-element-caption\"><em>Photo: Anto Magzan<\/em><\/figcaption><\/figure>\n<\/div>\n<\/div>\n<p>&nbsp;<\/p>\n","protected":false},"excerpt":{"rendered":"<p>View at all the programs that the first week of Zgraf 13 brought!<\/p>\n","protected":false},"author":3,"featured_media":0,"comment_status":"closed","ping_status":"closed","sticky":false,"template":"","format":"standard","meta":{"_acf_changed":false,"inline_featured_image":false,"footnotes":""},"categories":[7],"tags":[],"class_list":["post-4228","post","type-post","status-publish","format-standard","hentry","category-uncategorized"],"acf":[],"yoast_head":"<!-- This site is optimized with the Yoast SEO plugin v25.8 - https:\/\/yoast.com\/wordpress\/plugins\/seo\/ -->\n<title>1. week of Zgraf: exhibitions, awards, lectures - ZGRAF<\/title>\n<meta name=\"robots\" content=\"index, follow, max-snippet:-1, max-image-preview:large, max-video-preview:-1\" \/>\n<link rel=\"canonical\" href=\"https:\/\/zgraf.hr\/en\/4196\/\" \/>\n<meta property=\"og:locale\" content=\"en_US\" \/>\n<meta property=\"og:type\" content=\"article\" \/>\n<meta property=\"og:title\" content=\"1. week of Zgraf: exhibitions, awards, lectures - ZGRAF\" \/>\n<meta property=\"og:description\" content=\"View at all the programs that the first week of Zgraf 13 brought!\" \/>\n<meta property=\"og:url\" content=\"https:\/\/zgraf.hr\/en\/4196\/\" \/>\n<meta property=\"og:site_name\" content=\"ZGRAF\" \/>\n<meta property=\"article:published_time\" content=\"2025-06-17T10:59:24+00:00\" \/>\n<meta property=\"article:modified_time\" content=\"2025-06-17T11:20:22+00:00\" \/>\n<meta name=\"author\" content=\"Gabrijela Mami\u0107\" \/>\n<meta name=\"twitter:card\" content=\"summary_large_image\" \/>\n<meta name=\"twitter:label1\" content=\"Written by\" \/>\n\t<meta name=\"twitter:data1\" content=\"Gabrijela Mami\u0107\" \/>\n\t<meta name=\"twitter:label2\" content=\"Est. reading time\" \/>\n\t<meta name=\"twitter:data2\" content=\"12 minutes\" \/>\n<script type=\"application\/ld+json\" class=\"yoast-schema-graph\">{\"@context\":\"https:\/\/schema.org\",\"@graph\":[{\"@type\":\"WebPage\",\"@id\":\"https:\/\/zgraf.hr\/en\/4196\/\",\"url\":\"https:\/\/zgraf.hr\/en\/4196\/\",\"name\":\"1. week of Zgraf: exhibitions, awards, lectures - ZGRAF\",\"isPartOf\":{\"@id\":\"https:\/\/zgraf.hr\/en\/#website\"},\"primaryImageOfPage\":{\"@id\":\"https:\/\/zgraf.hr\/en\/4196\/#primaryimage\"},\"image\":{\"@id\":\"https:\/\/zgraf.hr\/en\/4196\/#primaryimage\"},\"thumbnailUrl\":\"https:\/\/vizkultura.hr\/wp-content\/uploads\/2025\/06\/ZGRAF_otvorenje_100625_098-1024x682.jpg\",\"datePublished\":\"2025-06-17T10:59:24+00:00\",\"dateModified\":\"2025-06-17T11:20:22+00:00\",\"author\":{\"@id\":\"https:\/\/zgraf.hr\/en\/#\/schema\/person\/605f3f0e2808116b546a80fee3ec0902\"},\"breadcrumb\":{\"@id\":\"https:\/\/zgraf.hr\/en\/4196\/#breadcrumb\"},\"inLanguage\":\"en-US\",\"potentialAction\":[{\"@type\":\"ReadAction\",\"target\":[\"https:\/\/zgraf.hr\/en\/4196\/\"]}]},{\"@type\":\"ImageObject\",\"inLanguage\":\"en-US\",\"@id\":\"https:\/\/zgraf.hr\/en\/4196\/#primaryimage\",\"url\":\"https:\/\/vizkultura.hr\/wp-content\/uploads\/2025\/06\/ZGRAF_otvorenje_100625_098-1024x682.jpg\",\"contentUrl\":\"https:\/\/vizkultura.hr\/wp-content\/uploads\/2025\/06\/ZGRAF_otvorenje_100625_098-1024x682.jpg\"},{\"@type\":\"BreadcrumbList\",\"@id\":\"https:\/\/zgraf.hr\/en\/4196\/#breadcrumb\",\"itemListElement\":[{\"@type\":\"ListItem\",\"position\":1,\"name\":\"Po\u010detna stranica\",\"item\":\"https:\/\/zgraf.hr\/en\/\"},{\"@type\":\"ListItem\",\"position\":2,\"name\":\"1. week of Zgraf: exhibitions, awards, lectures\"}]},{\"@type\":\"WebSite\",\"@id\":\"https:\/\/zgraf.hr\/en\/#website\",\"url\":\"https:\/\/zgraf.hr\/en\/\",\"name\":\"ZGRAF\",\"description\":\"Me\u0111unarodna izlo\u017eba grafi\u010dkog dizajna i vizualnih komunikacija\",\"potentialAction\":[{\"@type\":\"SearchAction\",\"target\":{\"@type\":\"EntryPoint\",\"urlTemplate\":\"https:\/\/zgraf.hr\/en\/?s={search_term_string}\"},\"query-input\":{\"@type\":\"PropertyValueSpecification\",\"valueRequired\":true,\"valueName\":\"search_term_string\"}}],\"inLanguage\":\"en-US\"},{\"@type\":\"Person\",\"@id\":\"https:\/\/zgraf.hr\/en\/#\/schema\/person\/605f3f0e2808116b546a80fee3ec0902\",\"name\":\"Gabrijela Mami\u0107\",\"image\":{\"@type\":\"ImageObject\",\"inLanguage\":\"en-US\",\"@id\":\"https:\/\/zgraf.hr\/en\/#\/schema\/person\/image\/\",\"url\":\"https:\/\/secure.gravatar.com\/avatar\/3b0afdbdc46c927e250f746ad171cc382b0a6cb57963c1e68316438313190beb?s=96&d=mm&r=g\",\"contentUrl\":\"https:\/\/secure.gravatar.com\/avatar\/3b0afdbdc46c927e250f746ad171cc382b0a6cb57963c1e68316438313190beb?s=96&d=mm&r=g\",\"caption\":\"Gabrijela Mami\u0107\"},\"url\":\"https:\/\/zgraf.hr\/en\/author\/gabrijala\/\"}]}<\/script>\n<!-- \/ Yoast SEO plugin. -->","yoast_head_json":{"title":"1. week of Zgraf: exhibitions, awards, lectures - ZGRAF","robots":{"index":"index","follow":"follow","max-snippet":"max-snippet:-1","max-image-preview":"max-image-preview:large","max-video-preview":"max-video-preview:-1"},"canonical":"https:\/\/zgraf.hr\/en\/4196\/","og_locale":"en_US","og_type":"article","og_title":"1. week of Zgraf: exhibitions, awards, lectures - ZGRAF","og_description":"View at all the programs that the first week of Zgraf 13 brought!","og_url":"https:\/\/zgraf.hr\/en\/4196\/","og_site_name":"ZGRAF","article_published_time":"2025-06-17T10:59:24+00:00","article_modified_time":"2025-06-17T11:20:22+00:00","author":"Gabrijela Mami\u0107","twitter_card":"summary_large_image","twitter_misc":{"Written by":"Gabrijela Mami\u0107","Est. reading time":"12 minutes"},"schema":{"@context":"https:\/\/schema.org","@graph":[{"@type":"WebPage","@id":"https:\/\/zgraf.hr\/en\/4196\/","url":"https:\/\/zgraf.hr\/en\/4196\/","name":"1. week of Zgraf: exhibitions, awards, lectures - ZGRAF","isPartOf":{"@id":"https:\/\/zgraf.hr\/en\/#website"},"primaryImageOfPage":{"@id":"https:\/\/zgraf.hr\/en\/4196\/#primaryimage"},"image":{"@id":"https:\/\/zgraf.hr\/en\/4196\/#primaryimage"},"thumbnailUrl":"https:\/\/vizkultura.hr\/wp-content\/uploads\/2025\/06\/ZGRAF_otvorenje_100625_098-1024x682.jpg","datePublished":"2025-06-17T10:59:24+00:00","dateModified":"2025-06-17T11:20:22+00:00","author":{"@id":"https:\/\/zgraf.hr\/en\/#\/schema\/person\/605f3f0e2808116b546a80fee3ec0902"},"breadcrumb":{"@id":"https:\/\/zgraf.hr\/en\/4196\/#breadcrumb"},"inLanguage":"en-US","potentialAction":[{"@type":"ReadAction","target":["https:\/\/zgraf.hr\/en\/4196\/"]}]},{"@type":"ImageObject","inLanguage":"en-US","@id":"https:\/\/zgraf.hr\/en\/4196\/#primaryimage","url":"https:\/\/vizkultura.hr\/wp-content\/uploads\/2025\/06\/ZGRAF_otvorenje_100625_098-1024x682.jpg","contentUrl":"https:\/\/vizkultura.hr\/wp-content\/uploads\/2025\/06\/ZGRAF_otvorenje_100625_098-1024x682.jpg"},{"@type":"BreadcrumbList","@id":"https:\/\/zgraf.hr\/en\/4196\/#breadcrumb","itemListElement":[{"@type":"ListItem","position":1,"name":"Po\u010detna stranica","item":"https:\/\/zgraf.hr\/en\/"},{"@type":"ListItem","position":2,"name":"1. week of Zgraf: exhibitions, awards, lectures"}]},{"@type":"WebSite","@id":"https:\/\/zgraf.hr\/en\/#website","url":"https:\/\/zgraf.hr\/en\/","name":"ZGRAF","description":"Me\u0111unarodna izlo\u017eba grafi\u010dkog dizajna i vizualnih komunikacija","potentialAction":[{"@type":"SearchAction","target":{"@type":"EntryPoint","urlTemplate":"https:\/\/zgraf.hr\/en\/?s={search_term_string}"},"query-input":{"@type":"PropertyValueSpecification","valueRequired":true,"valueName":"search_term_string"}}],"inLanguage":"en-US"},{"@type":"Person","@id":"https:\/\/zgraf.hr\/en\/#\/schema\/person\/605f3f0e2808116b546a80fee3ec0902","name":"Gabrijela Mami\u0107","image":{"@type":"ImageObject","inLanguage":"en-US","@id":"https:\/\/zgraf.hr\/en\/#\/schema\/person\/image\/","url":"https:\/\/secure.gravatar.com\/avatar\/3b0afdbdc46c927e250f746ad171cc382b0a6cb57963c1e68316438313190beb?s=96&d=mm&r=g","contentUrl":"https:\/\/secure.gravatar.com\/avatar\/3b0afdbdc46c927e250f746ad171cc382b0a6cb57963c1e68316438313190beb?s=96&d=mm&r=g","caption":"Gabrijela Mami\u0107"},"url":"https:\/\/zgraf.hr\/en\/author\/gabrijala\/"}]}},"_links":{"self":[{"href":"https:\/\/zgraf.hr\/en\/wp-json\/wp\/v2\/posts\/4228","targetHints":{"allow":["GET"]}}],"collection":[{"href":"https:\/\/zgraf.hr\/en\/wp-json\/wp\/v2\/posts"}],"about":[{"href":"https:\/\/zgraf.hr\/en\/wp-json\/wp\/v2\/types\/post"}],"author":[{"embeddable":true,"href":"https:\/\/zgraf.hr\/en\/wp-json\/wp\/v2\/users\/3"}],"replies":[{"embeddable":true,"href":"https:\/\/zgraf.hr\/en\/wp-json\/wp\/v2\/comments?post=4228"}],"version-history":[{"count":2,"href":"https:\/\/zgraf.hr\/en\/wp-json\/wp\/v2\/posts\/4228\/revisions"}],"predecessor-version":[{"id":4230,"href":"https:\/\/zgraf.hr\/en\/wp-json\/wp\/v2\/posts\/4228\/revisions\/4230"}],"wp:attachment":[{"href":"https:\/\/zgraf.hr\/en\/wp-json\/wp\/v2\/media?parent=4228"}],"wp:term":[{"taxonomy":"category","embeddable":true,"href":"https:\/\/zgraf.hr\/en\/wp-json\/wp\/v2\/categories?post=4228"},{"taxonomy":"post_tag","embeddable":true,"href":"https:\/\/zgraf.hr\/en\/wp-json\/wp\/v2\/tags?post=4228"}],"curies":[{"name":"wp","href":"https:\/\/api.w.org\/{rel}","templated":true}]}}